{"id":5372,"date":"2026-03-11T17:10:53","date_gmt":"2026-03-11T17:10:53","guid":{"rendered":"https:\/\/auroradesio.it\/?p=5372"},"modified":"2026-03-11T17:13:24","modified_gmt":"2026-03-11T17:13:24","slug":"la-settimana-arancioblu-uno-sguardo-al-settore-giovanile-54","status":"publish","type":"post","link":"https:\/\/auroradesio.it\/?p=5372","title":{"rendered":"LA SETTIMANA ARANCIOBLU: UNO SGUARDO AL SETTORE GIOVANILE"},"content":{"rendered":"\n<p>Settimana ricca di impegni per le formazioni del settore giovanile desiano!<\/p>\n\n\n\n<p>Arriva la prima vittoria della fase Interzona per il gruppo U17 Eccellenza: nella trasferta di Padova i desiani mettono in campo fin dalla palla a due ritmo ed intensit\u00e0 (15-23 al 10&#8242;), chiudendo i conti gi\u00e0 all&#8217;intervallo sul 27-50. Finisce 52-95 per i blu-arancio, che torneranno in campo marted\u00ec 17 marzo alle 20.00 in casa contro Aquila Basket Trento.<\/p>\n\n\n\n<p>Gli U15 Eccellenza passano sulla sirena a Gallarate ed accedono alla finale 5\u00b0-6\u00b0 posto, dove affronteranno Milano3. Gara2 vede l&#8217;Aurora partire meglio (21-24 alla prima sirena) ma nei quarti centrali i padroni di casa passano a condurre grazie ad un parziale di 41-30. Nei 10&#8242; finali Desio torna in scia fino alla tripla sulla sirena di Frizzi che fissa il punteggio sul 78-79 finale.<br>Il prossimo avversario della Rimadesio sar\u00e0 Milano3 (si gioca al meglio delle 3 gare), le date della serie devono ancora essere definite.<\/p>\n\n\n\n<p>Vittoria interna per il gruppo U19 Gold, frutto della collaborazione fra Aurora Desio ed APL Lissone: nella prima gara del girone di ritorno contro Monte san Pietro, i bianco-blu-arancio si impongono 60-55 al termine di una partita equilibrata.<br>Prossimo impegno sul campo di ABA Legnano: palla a due luned\u00ec 16 marzo alle 21.00.<\/p>\n\n\n\n<p>Gli U13 Gold cedono all&#8217;overtime nella gara di ritorno degli ottavi di finale contro Urania; dopo un buon inizio (17-9 al 10&#8242;), i desiani subiscono la rimonta ospite fino al 69-68 del 40&#8242; che pareggia il -1 dell&#8217;andata. Nel supplementare gli ospiti hanno la meglio 80-83 ed accendono ai quarti di finale.<br>Per l&#8217;Aurora sfida contro Varese Basket School nel quarto di finale del tabellone 9\u00b0-16\u00b0 posto; la sfida d&#8217;andata \u00e8 in programma a Malnate domenica 15 marzo alle 18.30.<\/p>\n","protected":false},"excerpt":{"rendered":"<p>Settimana ricca di impegni per le formazioni del settore giovanile desiano! Arriva la prima vittoria della fase Interzona per il<\/p>\n","protected":false},"author":2,"featured_media":5374,"comment_status":"open","ping_status":"closed","sticky":false,"template":"","format":"standard","meta":{"colormag_page_container_layout":"default_layout","colormag_page_sidebar_layout":"default_layout","footnotes":""},"categories":[13,39],"tags":[],"class_list":["post-5372","post","type-post","status-publish","format-standard","has-post-thumbnail","hentry","category-news","category-settore-giovanile"],"_links":{"self":[{"href":"https:\/\/auroradesio.it\/index.php?rest_route=\/wp\/v2\/posts\/5372","targetHints":{"allow":["GET"]}}],"collection":[{"href":"https:\/\/auroradesio.it\/index.php?rest_route=\/wp\/v2\/posts"}],"about":[{"href":"https:\/\/auroradesio.it\/index.php?rest_route=\/wp\/v2\/types\/post"}],"author":[{"embeddable":true,"href":"https:\/\/auroradesio.it\/index.php?rest_route=\/wp\/v2\/users\/2"}],"replies":[{"embeddable":true,"href":"https:\/\/auroradesio.it\/index.php?rest_route=%2Fwp%2Fv2%2Fcomments&post=5372"}],"version-history":[{"count":1,"href":"https:\/\/auroradesio.it\/index.php?rest_route=\/wp\/v2\/posts\/5372\/revisions"}],"predecessor-version":[{"id":5373,"href":"https:\/\/auroradesio.it\/index.php?rest_route=\/wp\/v2\/posts\/5372\/revisions\/5373"}],"wp:featuredmedia":[{"embeddable":true,"href":"https:\/\/auroradesio.it\/index.php?rest_route=\/wp\/v2\/media\/5374"}],"wp:attachment":[{"href":"https:\/\/auroradesio.it\/index.php?rest_route=%2Fwp%2Fv2%2Fmedia&parent=5372"}],"wp:term":[{"taxonomy":"category","embeddable":true,"href":"https:\/\/auroradesio.it\/index.php?rest_route=%2Fwp%2Fv2%2Fcategories&post=5372"},{"taxonomy":"post_tag","embeddable":true,"href":"https:\/\/auroradesio.it\/index.php?rest_route=%2Fwp%2Fv2%2Ftags&post=5372"}],"curies":[{"name":"wp","href":"https:\/\/api.w.org\/{rel}","templated":true}]}}