{"id":4068,"date":"2024-12-17T10:41:36","date_gmt":"2024-12-17T10:41:36","guid":{"rendered":"https:\/\/auroradesio.it\/?p=4068"},"modified":"2024-12-17T11:15:36","modified_gmt":"2024-12-17T11:15:36","slug":"la-settimana-arancioblu-uno-sguardo-al-settore-giovanile-12","status":"publish","type":"post","link":"https:\/\/auroradesio.it\/?p=4068","title":{"rendered":"LA SETTIMANA ARANCIOBLU: UNO SGUARDO AL SETTORE GIOVANILE"},"content":{"rendered":"\n<p>Altra settimana ricca di impegni per le giovanili bluarancio!<\/p>\n\n\n\n<p>Sconfitta interna per gli U17 Eccellenza, nettamente battuti in Aldo Moro dalla seconda forza del girone Cant\u00f9; gli ospiti comandano fin dalla palla a due (2-13 al 5&#8242;, 8-24 al 10&#8242;) grazie alla maggiore fisicit\u00e0 ed all&#8217;intensit\u00e0 messa in campo per 40&#8242;. Dopo il 21-46 della pausa lunga, Cant\u00f9 chiude i conti sul 43-92. Per i blu-arancio 10 punti di Viviani ed 8 di Owona; prossimo impegno domenica 22 dicembre alle 15.00 sul campo di Here You Can.<br>Nel campionato U19 regionale, l&#8217;Aurora chiude la prima fase con una vittoria interna contro Concorezzo: finisce 73-46 per i desiani, che terminano la prima fase al secondo posto ed accedono ai gironi Gold a partire da gennaio.<\/p>\n\n\n\n<p>L\u2019U15 Eccellenza vince 84-49 in casa contro il fanalino di coda Cucciago e sale a quota 12 punti in classifica; dopo il 7-4 del 3&#8242;, Desio piazza un break di 13-0 che indirizza la gara verso i padroni di casa per il 20-4 del 10&#8242;; il secondo periodo \u00e8 pi\u00f9 equilibrato (22-21 per Desio) ma dopo il 42-25 della pausa lunga i ragazzi di Castoldi allungano definitivamente fino al +35 finale. Miglior marcatore Scalfi con 17 punti, 12 e 10 per Barzago e Lissi rispettivamente.<\/p>\n\n\n\n<p>Prima sconfitta stagionale per il gruppo 2011, che cede in trasferta sul campo di Blu Orobica col punteggio di 86-74; i desiani, pur giocando una gara sottotono, restano in partita fino all&#8217;intervallo (39-35 al 20&#8242;), per poi subire dopo il cambio di campo il parziale di 32-18 che decide l&#8217;incontro. Per Desio 4 atleti in doppia cifra: Tonetto 14, De Dominicis 12, Giuliani e Colzani 10. Nella decima giornata di campionato, i ragazzi di coach Castoldi affronteranno in casa Viadana, palla a due venerd\u00ec 20 dicembre alle ore 19.15.<br>Nel campionato U15 Regionale, i desiani superano in trasferta USSA Nova col punteggio di 57-84 e torneranno in campo sabato 21 dicembre alle 15.00 sul campo di Lissone.<\/p>\n\n\n\n<p>Perdono l&#8217;imbattibilit\u00e0 anche gli U13 Gold, battuti a Milano dalla capolista Olimpia col punteggio di 95-61; Desio paga un secondo periodo da 25-6 in favore dell&#8217;Olimpia e, dopo il 50-23 dell&#8217;intervallo, non riesce a riaprire i giochi cedendo 95-61 (Montrasio 22, Ferin 21). I blu-arancio torneranno in campo sabato 21 dicembre alle 15.00 al PalaFitLine contro Seregno per la prima gara del girone di ritorno.\u00a0<\/p>\n\n\n\n<p>Nel campionato U14 Regionale, sconfitta a Vimercate col punteggio di 64-56; la prossima gara vedr\u00e0 i desiani impegnati in Aldo Moro, domenica 22 dicembre alle 16.30 contro SanFru.<\/p>\n\n\n\n<p>Il gruppo 2012-2013 supera in Aldo Moro Pall. Carugate nel campionato U13 Regionale: i desiani si impongono 64-18 nell&#8217;ultima gara del 2024 e torneranno in campo domenica 12 gennaio alle 17.00 sul campo di Ornago.<\/p>\n","protected":false},"excerpt":{"rendered":"<p>Altra settimana ricca di impegni per le giovanili bluarancio! Sconfitta interna per gli U17 Eccellenza, nettamente battuti in Aldo Moro<\/p>\n","protected":false},"author":1,"featured_media":4069,"comment_status":"open","ping_status":"closed","sticky":false,"template":"","format":"standard","meta":{"colormag_page_container_layout":"default_layout","colormag_page_sidebar_layout":"default_layout","footnotes":""},"categories":[13,39],"tags":[],"class_list":["post-4068","post","type-post","status-publish","format-standard","has-post-thumbnail","hentry","category-news","category-settore-giovanile"],"_links":{"self":[{"href":"https:\/\/auroradesio.it\/index.php?rest_route=\/wp\/v2\/posts\/4068","targetHints":{"allow":["GET"]}}],"collection":[{"href":"https:\/\/auroradesio.it\/index.php?rest_route=\/wp\/v2\/posts"}],"about":[{"href":"https:\/\/auroradesio.it\/index.php?rest_route=\/wp\/v2\/types\/post"}],"author":[{"embeddable":true,"href":"https:\/\/auroradesio.it\/index.php?rest_route=\/wp\/v2\/users\/1"}],"replies":[{"embeddable":true,"href":"https:\/\/auroradesio.it\/index.php?rest_route=%2Fwp%2Fv2%2Fcomments&post=4068"}],"version-history":[{"count":2,"href":"https:\/\/auroradesio.it\/index.php?rest_route=\/wp\/v2\/posts\/4068\/revisions"}],"predecessor-version":[{"id":4071,"href":"https:\/\/auroradesio.it\/index.php?rest_route=\/wp\/v2\/posts\/4068\/revisions\/4071"}],"wp:featuredmedia":[{"embeddable":true,"href":"https:\/\/auroradesio.it\/index.php?rest_route=\/wp\/v2\/media\/4069"}],"wp:attachment":[{"href":"https:\/\/auroradesio.it\/index.php?rest_route=%2Fwp%2Fv2%2Fmedia&parent=4068"}],"wp:term":[{"taxonomy":"category","embeddable":true,"href":"https:\/\/auroradesio.it\/index.php?rest_route=%2Fwp%2Fv2%2Fcategories&post=4068"},{"taxonomy":"post_tag","embeddable":true,"href":"https:\/\/auroradesio.it\/index.php?rest_route=%2Fwp%2Fv2%2Ftags&post=4068"}],"curies":[{"name":"wp","href":"https:\/\/api.w.org\/{rel}","templated":true}]}}