{"id":3614,"date":"2024-09-04T13:37:36","date_gmt":"2024-09-04T13:37:36","guid":{"rendered":"https:\/\/auroradesio.it\/?p=3614"},"modified":"2024-09-04T18:01:33","modified_gmt":"2024-09-04T18:01:33","slug":"prosegue-la-campagna-ieri-oggi-domani-abbonamenti-in-vendita-anche-da-ottica-brioschi","status":"publish","type":"post","link":"https:\/\/auroradesio.it\/?p=3614","title":{"rendered":"PROSEGUE LA CAMPAGNA &#8220;IERI, OGGI, DOMANI&#8221;: ABBONAMENTI IN VENDITA ANCHE DA OTTICA BRIOSCHI!"},"content":{"rendered":"\n<p>Continua la campagna abbonamenti per la stagione 2024\/25, che vedr\u00e0 l\u2019Aurora inserita nel girone A del campionato di Serie B Nazionale.               Da venerd\u00ec, una piacevole novit\u00e0 per tutti i tifosi blu-arancio: sar\u00e0&nbsp;possibile, infatti,&nbsp;sottoscrivere il proprio abbonamento anche da Ottica Brioschi, lo storico negozio di ottica in Via Garibaldi 86 a Desio.<\/p>\n\n\n\n<p>Aperto tutti i giorni, eccetto luned\u00ec e domenica, dalle 9:30 alle 12:30 e dalle 15:30 alle 19:00, Ottica Brioschi \u00e8 da qualche anno membro della famiglia Aurora Desio. Due le tipologie di abbonamento che potranno essere acquistate:<\/p>\n\n\n\n<p>\u2022&nbsp;Abbonamento Intero (150\u20ac)<\/p>\n\n\n\n<p>\u2022&nbsp;Abbonamento Ridotto (80\u20ac) riservato a Over 65 e Under 16<\/p>\n\n\n\n<p>Inoltre, da Ottica Brioschi sono disponibili gli occhiali griffati Pallacanestro Aurora Desio, sia da vista che da sole con lenti polarizzate antiriflesso e creati con la straordinaria collaborazione di&nbsp;HilxVizo.<\/p>\n\n\n\n<p>Oltre che da Ottica Brioschi, gli abbonamenti potranno essere sottoscritti anche&nbsp;durante le prossime partite casalinghe della Rimadesio:<\/p>\n\n\n\n<p>\u2022&nbsp;Contro Saronno, nella Partita in Memoria di Mario Sala, sabato 7 settembre alle 19:00 (Aldo Moro)<\/p>\n\n\n\n<p>\u2022\u00a0Contro Sangiorgese, domenica 15 settembre alle 18:00 (Aldo Moro)<\/p>\n\n\n\n<p>Si ricorda, infine, che \u00e8 attiva la mail&nbsp;<a href=\"mailto:biglietti_aurora@virgilio.it\">biglietti_aurora@virgilio.it<\/a>&nbsp;per info e prenotazioni.<\/p>\n\n\n\n<p>Vi aspettiamo al&nbsp;PalaFitLine!<\/p>\n","protected":false},"excerpt":{"rendered":"<p>Continua la campagna abbonamenti per la stagione 2024\/25, che vedr\u00e0 l\u2019Aurora inserita nel girone A del campionato di Serie B<\/p>\n","protected":false},"author":1,"featured_media":3586,"comment_status":"open","ping_status":"closed","sticky":false,"template":"","format":"standard","meta":{"colormag_page_container_layout":"default_layout","colormag_page_sidebar_layout":"default_layout","footnotes":""},"categories":[13,37],"tags":[],"class_list":["post-3614","post","type-post","status-publish","format-standard","has-post-thumbnail","hentry","category-news","category-serie-b"],"_links":{"self":[{"href":"https:\/\/auroradesio.it\/index.php?rest_route=\/wp\/v2\/posts\/3614","targetHints":{"allow":["GET"]}}],"collection":[{"href":"https:\/\/auroradesio.it\/index.php?rest_route=\/wp\/v2\/posts"}],"about":[{"href":"https:\/\/auroradesio.it\/index.php?rest_route=\/wp\/v2\/types\/post"}],"author":[{"embeddable":true,"href":"https:\/\/auroradesio.it\/index.php?rest_route=\/wp\/v2\/users\/1"}],"replies":[{"embeddable":true,"href":"https:\/\/auroradesio.it\/index.php?rest_route=%2Fwp%2Fv2%2Fcomments&post=3614"}],"version-history":[{"count":2,"href":"https:\/\/auroradesio.it\/index.php?rest_route=\/wp\/v2\/posts\/3614\/revisions"}],"predecessor-version":[{"id":3616,"href":"https:\/\/auroradesio.it\/index.php?rest_route=\/wp\/v2\/posts\/3614\/revisions\/3616"}],"wp:featuredmedia":[{"embeddable":true,"href":"https:\/\/auroradesio.it\/index.php?rest_route=\/wp\/v2\/media\/3586"}],"wp:attachment":[{"href":"https:\/\/auroradesio.it\/index.php?rest_route=%2Fwp%2Fv2%2Fmedia&parent=3614"}],"wp:term":[{"taxonomy":"category","embeddable":true,"href":"https:\/\/auroradesio.it\/index.php?rest_route=%2Fwp%2Fv2%2Fcategories&post=3614"},{"taxonomy":"post_tag","embeddable":true,"href":"https:\/\/auroradesio.it\/index.php?rest_route=%2Fwp%2Fv2%2Ftags&post=3614"}],"curies":[{"name":"wp","href":"https:\/\/api.w.org\/{rel}","templated":true}]}}